{"id":2390,"date":"2022-08-24T09:04:09","date_gmt":"2022-08-24T08:04:09","guid":{"rendered":"https:\/\/thewurst.agency\/?p=2390"},"modified":"2022-12-04T18:43:49","modified_gmt":"2022-12-04T17:43:49","slug":"the-very-best-of-social-media-content-in-austria-this-week-4-2","status":"publish","type":"post","link":"https:\/\/thewurst.agency\/de\/the-very-best-of-social-media-content-in-austria-this-week-4-2\/","title":{"rendered":"Der beste Social Media Content der Woche in \u00d6sterreich"},"content":{"rendered":"<h2><strong>The Wurst Agency pr\u00e4sentiert (*Trommelwirbel*) \u201cThe Wurst Austrian Content der Woche\u201d! Also die besten Inhalte, nicht jene, die uns wurscht waren.<\/strong><\/h2>\n<p><span style=\"font-weight: 400;\">Jedenfalls werden wir hier w\u00f6chentlich den besten von uns handgelesenen Content der letzten Tage pr\u00e4sentieren, damit du immer am Laufenden mit den derzeit beliebten Inhalten in \u00d6sterreich bleibst.<\/span><\/p>\n<p>&nbsp;<\/p>\n<blockquote class=\"tiktok-embed\" style=\"max-width: 605px; min-width: 325px;\" cite=\"https:\/\/www.tiktok.com\/@wiewarwien\/video\/7131677289506426117\" data-video-id=\"7131677289506426117\">\n<section><a title=\"@wiewarwien\" href=\"https:\/\/www.tiktok.com\/@wiewarwien?refer=embed\" target=\"_blank\" rel=\"noopener\">@wiewarwien<\/a> <a title=\"fyp\" href=\"https:\/\/www.tiktok.com\/tag\/fyp?refer=embed\" target=\"_blank\" rel=\"noopener\">#fyp<\/a> <a title=\"wien\" href=\"https:\/\/www.tiktok.com\/tag\/wien?refer=embed\" target=\"_blank\" rel=\"noopener\">#wien<\/a> <a title=\"vienna\" href=\"https:\/\/www.tiktok.com\/tag\/vienna?refer=embed\" target=\"_blank\" rel=\"noopener\">#vienna<\/a> <a title=\"geschichte\" href=\"https:\/\/www.tiktok.com\/tag\/geschichte?refer=embed\" target=\"_blank\" rel=\"noopener\">#geschichte<\/a> <a title=\"lernenmittiktok\" href=\"https:\/\/www.tiktok.com\/tag\/lernenmittiktok?refer=embed\" target=\"_blank\" rel=\"noopener\">#lernenmittiktok<\/a> <a title=\"prater\" href=\"https:\/\/www.tiktok.com\/tag\/prater?refer=embed\" target=\"_blank\" rel=\"noopener\">#Prater<\/a> <a title=\"\u266c Epic Music(863502) - Draganov89\" href=\"https:\/\/www.tiktok.com\/music\/Epic-Music-863502-6873501791145691137?refer=embed\" target=\"_blank\" rel=\"noopener\">\u266c Epic Music(863502) &#8211; Draganov89<\/a><\/section>\n<\/blockquote>\n<p><script async src=\"https:\/\/www.tiktok.com\/embed.js\"><\/script><span style=\"font-weight: 400;\">Wien ist voller Geschichte, aber wer wusste, dass es SO voller Geschichte ist? Wir freuen uns, dass dieser Herr uns Unwissende dar\u00fcber informiert!<\/span><\/p>\n<p>&nbsp;<\/p>\n<blockquote class=\"tiktok-embed\" style=\"max-width: 605px; min-width: 325px;\" cite=\"https:\/\/www.tiktok.com\/@moment_magazin\/video\/7133556187588513030\" data-video-id=\"7133556187588513030\">\n<section><a title=\"@moment_magazin\" href=\"https:\/\/www.tiktok.com\/@moment_magazin?refer=embed\" target=\"_blank\" rel=\"noopener\">@moment_magazin<\/a> Antwort auf @Investorella Das Staatsb\u00fcrgerschaftsrecht in \u00d6sterreich wurde in den letzten 20 Jahren immer weiter versch\u00e4rft &#8211; au\u00dfer nat\u00fcrlich f\u00fcr Reich &amp; Sch\u00f6n \u2728 <a title=\"staatsb\u00fcrgerschaft\" href=\"https:\/\/www.tiktok.com\/tag\/staatsb%C3%BCrgerschaft?refer=embed\" target=\"_blank\" rel=\"noopener\">#staatsb\u00fcrgerschaft<\/a> <a title=\"einb\u00fcrgerung\" href=\"https:\/\/www.tiktok.com\/tag\/einb%C3%BCrgerung?refer=embed\" target=\"_blank\" rel=\"noopener\">#einb\u00fcrgerung<\/a> <a title=\"\u00f6sterreich\" href=\"https:\/\/www.tiktok.com\/tag\/%C3%B6sterreich?refer=embed\" target=\"_blank\" rel=\"noopener\">#\u00f6sterreich<\/a> <a title=\"wahlrecht\" href=\"https:\/\/www.tiktok.com\/tag\/wahlrecht?refer=embed\" target=\"_blank\" rel=\"noopener\">#wahlrecht<\/a> <a title=\"armvsreich\" href=\"https:\/\/www.tiktok.com\/tag\/armvsreich?refer=embed\" target=\"_blank\" rel=\"noopener\">#armvsreich<\/a> <a title=\"ungleichheit\" href=\"https:\/\/www.tiktok.com\/tag\/ungleichheit?refer=embed\" target=\"_blank\" rel=\"noopener\">#ungleichheit<\/a> <a title=\"mitsprache\" href=\"https:\/\/www.tiktok.com\/tag\/mitsprache?refer=embed\" target=\"_blank\" rel=\"noopener\">#mitsprache<\/a> <a title=\"politik\" href=\"https:\/\/www.tiktok.com\/tag\/politik?refer=embed\" target=\"_blank\" rel=\"noopener\">#politik<\/a> <a title=\"lernenmittiktok\" href=\"https:\/\/www.tiktok.com\/tag\/lernenmittiktok?refer=embed\" target=\"_blank\" rel=\"noopener\">#lernenmittiktok<\/a> <a title=\"einfacherkl\u00e4rt\" href=\"https:\/\/www.tiktok.com\/tag\/einfacherkl%C3%A4rt?refer=embed\" target=\"_blank\" rel=\"noopener\">#einfacherkl\u00e4rt<\/a> <a title=\"\u266c Originalton - moment_magazin\" href=\"https:\/\/www.tiktok.com\/music\/Originalton-7133556213165804294?refer=embed\" target=\"_blank\" rel=\"noopener\">\u266c Originalton &#8211; moment_magazin<\/a><\/section>\n<\/blockquote>\n<p><script async src=\"https:\/\/www.tiktok.com\/embed.js\"><\/script><span style=\"font-weight: 400;\">Dieses Online Magazin behandelt Themen \u00fcber \u00d6sterreich die nicht nur relevant, sondern auch sehr interessant sind. Echt stark!<\/span><\/p>\n<p>&nbsp;<\/p>\n<p><iframe title=\"YouTube video player\" src=\"https:\/\/www.youtube.com\/embed\/qYYodnTK9-I\" width=\"560\" height=\"315\" frameborder=\"0\" allowfullscreen=\"allowfullscreen\"><\/iframe><\/p>\n<p><span style=\"font-weight: 400;\">Wenn du ein Gamer bist, dann schau dir unbedingt diesen \u00d6sterreichischen Gaming-Kanal an.<\/span><\/p>\n<p>&nbsp;<\/p>\n<blockquote class=\"tiktok-embed\" style=\"max-width: 605px; min-width: 325px;\" cite=\"https:\/\/www.tiktok.com\/@tesla_han1\/video\/7131089579133783301\" data-video-id=\"7131089579133783301\">\n<section><a title=\"@tesla_han1\" href=\"https:\/\/www.tiktok.com\/@tesla_han1?refer=embed\" target=\"_blank\" rel=\"noopener\">@tesla_han1<\/a> <a title=\"stitch\" href=\"https:\/\/www.tiktok.com\/tag\/stitch?refer=embed\" target=\"_blank\" rel=\"noopener\">#stitch<\/a> mit @crushvondeinemgirl <a title=\"\u266c Originalton - Tesla Han\" href=\"https:\/\/www.tiktok.com\/music\/Originalton-7131089569050626822?refer=embed\" target=\"_blank\" rel=\"noopener\">\u266c Originalton &#8211; Tesla Han<\/a><\/section>\n<\/blockquote>\n<p><script async src=\"https:\/\/www.tiktok.com\/embed.js\"><\/script><span style=\"font-weight: 400;\">Der Wiener Dialekt zum Schluss hat einfach etwas.<\/span><\/p>\n<p>&nbsp;<\/p>\n<blockquote class=\"tiktok-embed\" style=\"max-width: 605px; min-width: 325px;\" cite=\"https:\/\/www.tiktok.com\/@derkandidat_vdb\/video\/7134280402155474181\" data-video-id=\"7134280402155474181\">\n<section><a title=\"@derkandidat_vdb\" href=\"https:\/\/www.tiktok.com\/@derkandidat_vdb?refer=embed\" target=\"_blank\" rel=\"noopener\">@derkandidat_vdb<\/a> \ud83d\ude09\ud83d\udc9b <a title=\"vdb2022\" href=\"https:\/\/www.tiktok.com\/tag\/vdb2022?refer=embed\" target=\"_blank\" rel=\"noopener\">#vdb2022<\/a> <a title=\"derkandidat\" href=\"https:\/\/www.tiktok.com\/tag\/derkandidat?refer=embed\" target=\"_blank\" rel=\"noopener\">#derkandidat<\/a> <a title=\"vdb\" href=\"https:\/\/www.tiktok.com\/tag\/vdb?refer=embed\" target=\"_blank\" rel=\"noopener\">#vdb<\/a> <a title=\"\u266c Originalton - Alexander Van der Bellen\" href=\"https:\/\/www.tiktok.com\/music\/Originalton-7134280415020043013?refer=embed\" target=\"_blank\" rel=\"noopener\">\u266c Originalton &#8211; Alexander Van der Bellen<\/a><\/section>\n<\/blockquote>\n<p><script async src=\"https:\/\/www.tiktok.com\/embed.js\"><\/script><\/p>\n<p>&nbsp;<\/p>\n<blockquote class=\"tiktok-embed\" style=\"max-width: 605px; min-width: 325px;\" cite=\"https:\/\/www.tiktok.com\/@heikoedlervonw\/video\/7127885488404385029\" data-video-id=\"7127885488404385029\">\n<section><a title=\"@heikoedlervonw\" href=\"https:\/\/www.tiktok.com\/@heikoedlervonw?refer=embed\" target=\"_blank\" rel=\"noopener\">@heikoedlervonw<\/a>Relaxen auf dem Balkon, vor der Arbeit, Edler von W.\ud83d\ude0a\ud83e\udd17\ud83e\udd70\ud83d\udc4d<a title=\"\u266c Originalton - Edler von W\" href=\"https:\/\/www.tiktok.com\/music\/Originalton-7127885494528019206?refer=embed\" target=\"_blank\" rel=\"noopener\">\u266c Originalton &#8211; Edler von W<\/a><\/section>\n<\/blockquote>\n<p><script async src=\"https:\/\/www.tiktok.com\/embed.js\"><\/script>Da gibts nicht viel zu sagen, er ist einfach lieb.<\/p>\n","protected":false},"excerpt":{"rendered":"<p>The Wurst Agency pr\u00e4sentiert (*Trommelwirbel*) \u201cThe Wurst Austrian Content der Woche\u201d! Also die besten Inhalte, nicht jene, die uns wurscht waren. Jedenfalls werden wir hier w\u00f6chentlich den besten von uns handgelesenen Content der letzten Tage pr\u00e4sentieren, damit du immer am Laufenden mit den derzeit beliebten Inhalten in \u00d6sterreich bleibst. &nbsp; @wiewarwien #fyp #wien #vienna #geschichte [&hellip;]<\/p>\n","protected":false},"author":7,"featured_media":2393,"comment_status":"closed","ping_status":"open","sticky":false,"template":"","format":"standard","meta":{"_acf_changed":false,"inline_featured_image":false,"footnotes":""},"categories":[2],"tags":[],"coauthors":[23,24],"class_list":["post-2390","post","type-post","status-publish","format-standard","has-post-thumbnail","hentry","category-content-inspiration"],"acf":[],"yoast_head":"<!-- This site is optimized with the Yoast SEO plugin v27.5 - https:\/\/yoast.com\/product\/yoast-seo-wordpress\/ -->\n<title>Der beste Social Media Content der Woche in \u00d6sterreich -<\/title>\n<meta name=\"description\" content=\"The Wurst Agency pr\u00e4sentiert \u201cThe Wurst Austrian Content der Woche\u201d! Also die besten Inhalte, nicht jene, die uns wurscht waren.\" \/>\n<meta name=\"robots\" content=\"index, follow, max-snippet:-1, max-image-preview:large, max-video-preview:-1\" \/>\n<link rel=\"canonical\" href=\"https:\/\/thewurst.agency\/de\/the-very-best-of-social-media-content-in-austria-this-week-4-2\/\" \/>\n<meta property=\"og:locale\" content=\"de_DE\" \/>\n<meta property=\"og:type\" content=\"article\" \/>\n<meta property=\"og:title\" content=\"The very best of social media content in Austria this week\" \/>\n<meta property=\"og:description\" content=\"The Wurst Agency pr\u00e4sentiert \u201cThe Wurst Austrian Content der Woche\u201d! Also die besten Inhalte, nicht jene, die uns wurscht waren.\" \/>\n<meta property=\"og:url\" content=\"https:\/\/thewurst.agency\/de\/the-very-best-of-social-media-content-in-austria-this-week-4-2\/\" \/>\n<meta property=\"og:site_name\" content=\"The Wurst Agency\" \/>\n<meta property=\"article:published_time\" content=\"2022-08-24T08:04:09+00:00\" \/>\n<meta property=\"article:modified_time\" content=\"2022-12-04T17:43:49+00:00\" \/>\n<meta property=\"og:image\" content=\"https:\/\/thewurst.agency\/wp-content\/uploads\/2022\/08\/TWA-weekly-blogpost-best-of-Austrian-Content-header-1-1.png\" \/>\n\t<meta property=\"og:image:width\" content=\"1000\" \/>\n\t<meta property=\"og:image:height\" content=\"645\" \/>\n\t<meta property=\"og:image:type\" content=\"image\/png\" \/>\n<meta name=\"author\" content=\"Johanna Lea Lassnig, Finn Bichler\" \/>\n<meta name=\"twitter:card\" content=\"summary_large_image\" \/>\n<meta name=\"twitter:label1\" content=\"Verfasst von\" \/>\n\t<meta name=\"twitter:data1\" content=\"Johanna Lea Lassnig\" \/>\n\t<meta name=\"twitter:label2\" content=\"Gesch\u00e4tzte Lesezeit\" \/>\n\t<meta name=\"twitter:data2\" content=\"1 Minute\" \/>\n\t<meta name=\"twitter:label3\" content=\"Written by\" \/>\n\t<meta name=\"twitter:data3\" content=\"Johanna Lea Lassnig, Finn Bichler\" \/>\n<script type=\"application\/ld+json\" class=\"yoast-schema-graph\">{\"@context\":\"https:\\\/\\\/schema.org\",\"@graph\":[{\"@type\":\"Article\",\"@id\":\"https:\\\/\\\/thewurst.agency\\\/de\\\/the-very-best-of-social-media-content-in-austria-this-week-4-2\\\/#article\",\"isPartOf\":{\"@id\":\"https:\\\/\\\/thewurst.agency\\\/de\\\/the-very-best-of-social-media-content-in-austria-this-week-4-2\\\/\"},\"author\":{\"name\":\"Johanna Lea Lassnig\",\"@id\":\"https:\\\/\\\/thewurst.agency\\\/#\\\/schema\\\/person\\\/2e354cd262c11e61cc830aee902e1272\"},\"headline\":\"Der beste Social Media Content der Woche in \u00d6sterreich\",\"datePublished\":\"2022-08-24T08:04:09+00:00\",\"dateModified\":\"2022-12-04T17:43:49+00:00\",\"mainEntityOfPage\":{\"@id\":\"https:\\\/\\\/thewurst.agency\\\/de\\\/the-very-best-of-social-media-content-in-austria-this-week-4-2\\\/\"},\"wordCount\":233,\"publisher\":{\"@id\":\"https:\\\/\\\/thewurst.agency\\\/#organization\"},\"image\":{\"@id\":\"https:\\\/\\\/thewurst.agency\\\/de\\\/the-very-best-of-social-media-content-in-austria-this-week-4-2\\\/#primaryimage\"},\"thumbnailUrl\":\"https:\\\/\\\/thewurst.agency\\\/wp-content\\\/uploads\\\/2022\\\/08\\\/TWA-weekly-blogpost-best-of-Austrian-Content-header-1-1.png\",\"articleSection\":[\"Content Inspiration\"],\"inLanguage\":\"de-DE\"},{\"@type\":\"WebPage\",\"@id\":\"https:\\\/\\\/thewurst.agency\\\/de\\\/the-very-best-of-social-media-content-in-austria-this-week-4-2\\\/\",\"url\":\"https:\\\/\\\/thewurst.agency\\\/de\\\/the-very-best-of-social-media-content-in-austria-this-week-4-2\\\/\",\"name\":\"Der beste Social Media Content der Woche in \u00d6sterreich -\",\"isPartOf\":{\"@id\":\"https:\\\/\\\/thewurst.agency\\\/#website\"},\"primaryImageOfPage\":{\"@id\":\"https:\\\/\\\/thewurst.agency\\\/de\\\/the-very-best-of-social-media-content-in-austria-this-week-4-2\\\/#primaryimage\"},\"image\":{\"@id\":\"https:\\\/\\\/thewurst.agency\\\/de\\\/the-very-best-of-social-media-content-in-austria-this-week-4-2\\\/#primaryimage\"},\"thumbnailUrl\":\"https:\\\/\\\/thewurst.agency\\\/wp-content\\\/uploads\\\/2022\\\/08\\\/TWA-weekly-blogpost-best-of-Austrian-Content-header-1-1.png\",\"datePublished\":\"2022-08-24T08:04:09+00:00\",\"dateModified\":\"2022-12-04T17:43:49+00:00\",\"description\":\"The Wurst Agency pr\u00e4sentiert \u201cThe Wurst Austrian Content der Woche\u201d! Also die besten Inhalte, nicht jene, die uns wurscht waren.\",\"breadcrumb\":{\"@id\":\"https:\\\/\\\/thewurst.agency\\\/de\\\/the-very-best-of-social-media-content-in-austria-this-week-4-2\\\/#breadcrumb\"},\"inLanguage\":\"de-DE\",\"potentialAction\":[{\"@type\":\"ReadAction\",\"target\":[\"https:\\\/\\\/thewurst.agency\\\/de\\\/the-very-best-of-social-media-content-in-austria-this-week-4-2\\\/\"]}]},{\"@type\":\"ImageObject\",\"inLanguage\":\"de-DE\",\"@id\":\"https:\\\/\\\/thewurst.agency\\\/de\\\/the-very-best-of-social-media-content-in-austria-this-week-4-2\\\/#primaryimage\",\"url\":\"https:\\\/\\\/thewurst.agency\\\/wp-content\\\/uploads\\\/2022\\\/08\\\/TWA-weekly-blogpost-best-of-Austrian-Content-header-1-1.png\",\"contentUrl\":\"https:\\\/\\\/thewurst.agency\\\/wp-content\\\/uploads\\\/2022\\\/08\\\/TWA-weekly-blogpost-best-of-Austrian-Content-header-1-1.png\",\"width\":1000,\"height\":645},{\"@type\":\"BreadcrumbList\",\"@id\":\"https:\\\/\\\/thewurst.agency\\\/de\\\/the-very-best-of-social-media-content-in-austria-this-week-4-2\\\/#breadcrumb\",\"itemListElement\":[{\"@type\":\"ListItem\",\"position\":1,\"name\":\"Home\",\"item\":\"https:\\\/\\\/thewurst.agency\\\/de\\\/\"},{\"@type\":\"ListItem\",\"position\":2,\"name\":\"Der beste Social Media Content der Woche in \u00d6sterreich\"}]},{\"@type\":\"WebSite\",\"@id\":\"https:\\\/\\\/thewurst.agency\\\/#website\",\"url\":\"https:\\\/\\\/thewurst.agency\\\/\",\"name\":\"The Wurst Agency\",\"description\":\"Content that breaks through the noise\",\"publisher\":{\"@id\":\"https:\\\/\\\/thewurst.agency\\\/#organization\"},\"potentialAction\":[{\"@type\":\"SearchAction\",\"target\":{\"@type\":\"EntryPoint\",\"urlTemplate\":\"https:\\\/\\\/thewurst.agency\\\/?s={search_term_string}\"},\"query-input\":{\"@type\":\"PropertyValueSpecification\",\"valueRequired\":true,\"valueName\":\"search_term_string\"}}],\"inLanguage\":\"de-DE\"},{\"@type\":\"Organization\",\"@id\":\"https:\\\/\\\/thewurst.agency\\\/#organization\",\"name\":\"The Wurst Agency\",\"url\":\"https:\\\/\\\/thewurst.agency\\\/\",\"logo\":{\"@type\":\"ImageObject\",\"inLanguage\":\"de-DE\",\"@id\":\"https:\\\/\\\/thewurst.agency\\\/#\\\/schema\\\/logo\\\/image\\\/\",\"url\":\"https:\\\/\\\/thewurst.agency\\\/wp-content\\\/uploads\\\/2022\\\/08\\\/Wurst_Logo_yellow.png\",\"contentUrl\":\"https:\\\/\\\/thewurst.agency\\\/wp-content\\\/uploads\\\/2022\\\/08\\\/Wurst_Logo_yellow.png\",\"width\":155,\"height\":101,\"caption\":\"The Wurst Agency\"},\"image\":{\"@id\":\"https:\\\/\\\/thewurst.agency\\\/#\\\/schema\\\/logo\\\/image\\\/\"}},{\"@type\":\"Person\",\"@id\":\"https:\\\/\\\/thewurst.agency\\\/#\\\/schema\\\/person\\\/2e354cd262c11e61cc830aee902e1272\",\"name\":\"Johanna Lea Lassnig\",\"url\":\"https:\\\/\\\/thewurst.agency\\\/de\\\/author\\\/johanna\\\/\"}]}<\/script>\n<!-- \/ Yoast SEO plugin. -->","yoast_head_json":{"title":"Der beste Social Media Content der Woche in \u00d6sterreich -","description":"The Wurst Agency pr\u00e4sentiert \u201cThe Wurst Austrian Content der Woche\u201d! Also die besten Inhalte, nicht jene, die uns wurscht waren.","robots":{"index":"index","follow":"follow","max-snippet":"max-snippet:-1","max-image-preview":"max-image-preview:large","max-video-preview":"max-video-preview:-1"},"canonical":"https:\/\/thewurst.agency\/de\/the-very-best-of-social-media-content-in-austria-this-week-4-2\/","og_locale":"de_DE","og_type":"article","og_title":"The very best of social media content in Austria this week","og_description":"The Wurst Agency pr\u00e4sentiert \u201cThe Wurst Austrian Content der Woche\u201d! Also die besten Inhalte, nicht jene, die uns wurscht waren.","og_url":"https:\/\/thewurst.agency\/de\/the-very-best-of-social-media-content-in-austria-this-week-4-2\/","og_site_name":"The Wurst Agency","article_published_time":"2022-08-24T08:04:09+00:00","article_modified_time":"2022-12-04T17:43:49+00:00","og_image":[{"width":1000,"height":645,"url":"https:\/\/thewurst.agency\/wp-content\/uploads\/2022\/08\/TWA-weekly-blogpost-best-of-Austrian-Content-header-1-1.png","type":"image\/png"}],"author":"Johanna Lea Lassnig, Finn Bichler","twitter_card":"summary_large_image","twitter_misc":{"Verfasst von":"Johanna Lea Lassnig","Gesch\u00e4tzte Lesezeit":"1 Minute","Written by":"Johanna Lea Lassnig, Finn Bichler"},"schema":{"@context":"https:\/\/schema.org","@graph":[{"@type":"Article","@id":"https:\/\/thewurst.agency\/de\/the-very-best-of-social-media-content-in-austria-this-week-4-2\/#article","isPartOf":{"@id":"https:\/\/thewurst.agency\/de\/the-very-best-of-social-media-content-in-austria-this-week-4-2\/"},"author":{"name":"Johanna Lea Lassnig","@id":"https:\/\/thewurst.agency\/#\/schema\/person\/2e354cd262c11e61cc830aee902e1272"},"headline":"Der beste Social Media Content der Woche in \u00d6sterreich","datePublished":"2022-08-24T08:04:09+00:00","dateModified":"2022-12-04T17:43:49+00:00","mainEntityOfPage":{"@id":"https:\/\/thewurst.agency\/de\/the-very-best-of-social-media-content-in-austria-this-week-4-2\/"},"wordCount":233,"publisher":{"@id":"https:\/\/thewurst.agency\/#organization"},"image":{"@id":"https:\/\/thewurst.agency\/de\/the-very-best-of-social-media-content-in-austria-this-week-4-2\/#primaryimage"},"thumbnailUrl":"https:\/\/thewurst.agency\/wp-content\/uploads\/2022\/08\/TWA-weekly-blogpost-best-of-Austrian-Content-header-1-1.png","articleSection":["Content Inspiration"],"inLanguage":"de-DE"},{"@type":"WebPage","@id":"https:\/\/thewurst.agency\/de\/the-very-best-of-social-media-content-in-austria-this-week-4-2\/","url":"https:\/\/thewurst.agency\/de\/the-very-best-of-social-media-content-in-austria-this-week-4-2\/","name":"Der beste Social Media Content der Woche in \u00d6sterreich -","isPartOf":{"@id":"https:\/\/thewurst.agency\/#website"},"primaryImageOfPage":{"@id":"https:\/\/thewurst.agency\/de\/the-very-best-of-social-media-content-in-austria-this-week-4-2\/#primaryimage"},"image":{"@id":"https:\/\/thewurst.agency\/de\/the-very-best-of-social-media-content-in-austria-this-week-4-2\/#primaryimage"},"thumbnailUrl":"https:\/\/thewurst.agency\/wp-content\/uploads\/2022\/08\/TWA-weekly-blogpost-best-of-Austrian-Content-header-1-1.png","datePublished":"2022-08-24T08:04:09+00:00","dateModified":"2022-12-04T17:43:49+00:00","description":"The Wurst Agency pr\u00e4sentiert \u201cThe Wurst Austrian Content der Woche\u201d! Also die besten Inhalte, nicht jene, die uns wurscht waren.","breadcrumb":{"@id":"https:\/\/thewurst.agency\/de\/the-very-best-of-social-media-content-in-austria-this-week-4-2\/#breadcrumb"},"inLanguage":"de-DE","potentialAction":[{"@type":"ReadAction","target":["https:\/\/thewurst.agency\/de\/the-very-best-of-social-media-content-in-austria-this-week-4-2\/"]}]},{"@type":"ImageObject","inLanguage":"de-DE","@id":"https:\/\/thewurst.agency\/de\/the-very-best-of-social-media-content-in-austria-this-week-4-2\/#primaryimage","url":"https:\/\/thewurst.agency\/wp-content\/uploads\/2022\/08\/TWA-weekly-blogpost-best-of-Austrian-Content-header-1-1.png","contentUrl":"https:\/\/thewurst.agency\/wp-content\/uploads\/2022\/08\/TWA-weekly-blogpost-best-of-Austrian-Content-header-1-1.png","width":1000,"height":645},{"@type":"BreadcrumbList","@id":"https:\/\/thewurst.agency\/de\/the-very-best-of-social-media-content-in-austria-this-week-4-2\/#breadcrumb","itemListElement":[{"@type":"ListItem","position":1,"name":"Home","item":"https:\/\/thewurst.agency\/de\/"},{"@type":"ListItem","position":2,"name":"Der beste Social Media Content der Woche in \u00d6sterreich"}]},{"@type":"WebSite","@id":"https:\/\/thewurst.agency\/#website","url":"https:\/\/thewurst.agency\/","name":"The Wurst Agency","description":"Content that breaks through the noise","publisher":{"@id":"https:\/\/thewurst.agency\/#organization"},"potentialAction":[{"@type":"SearchAction","target":{"@type":"EntryPoint","urlTemplate":"https:\/\/thewurst.agency\/?s={search_term_string}"},"query-input":{"@type":"PropertyValueSpecification","valueRequired":true,"valueName":"search_term_string"}}],"inLanguage":"de-DE"},{"@type":"Organization","@id":"https:\/\/thewurst.agency\/#organization","name":"The Wurst Agency","url":"https:\/\/thewurst.agency\/","logo":{"@type":"ImageObject","inLanguage":"de-DE","@id":"https:\/\/thewurst.agency\/#\/schema\/logo\/image\/","url":"https:\/\/thewurst.agency\/wp-content\/uploads\/2022\/08\/Wurst_Logo_yellow.png","contentUrl":"https:\/\/thewurst.agency\/wp-content\/uploads\/2022\/08\/Wurst_Logo_yellow.png","width":155,"height":101,"caption":"The Wurst Agency"},"image":{"@id":"https:\/\/thewurst.agency\/#\/schema\/logo\/image\/"}},{"@type":"Person","@id":"https:\/\/thewurst.agency\/#\/schema\/person\/2e354cd262c11e61cc830aee902e1272","name":"Johanna Lea Lassnig","url":"https:\/\/thewurst.agency\/de\/author\/johanna\/"}]}},"_links":{"self":[{"href":"https:\/\/thewurst.agency\/de\/wp-json\/wp\/v2\/posts\/2390","targetHints":{"allow":["GET"]}}],"collection":[{"href":"https:\/\/thewurst.agency\/de\/wp-json\/wp\/v2\/posts"}],"about":[{"href":"https:\/\/thewurst.agency\/de\/wp-json\/wp\/v2\/types\/post"}],"author":[{"embeddable":true,"href":"https:\/\/thewurst.agency\/de\/wp-json\/wp\/v2\/users\/7"}],"replies":[{"embeddable":true,"href":"https:\/\/thewurst.agency\/de\/wp-json\/wp\/v2\/comments?post=2390"}],"version-history":[{"count":0,"href":"https:\/\/thewurst.agency\/de\/wp-json\/wp\/v2\/posts\/2390\/revisions"}],"wp:featuredmedia":[{"embeddable":true,"href":"https:\/\/thewurst.agency\/de\/wp-json\/wp\/v2\/media\/2393"}],"wp:attachment":[{"href":"https:\/\/thewurst.agency\/de\/wp-json\/wp\/v2\/media?parent=2390"}],"wp:term":[{"taxonomy":"category","embeddable":true,"href":"https:\/\/thewurst.agency\/de\/wp-json\/wp\/v2\/categories?post=2390"},{"taxonomy":"post_tag","embeddable":true,"href":"https:\/\/thewurst.agency\/de\/wp-json\/wp\/v2\/tags?post=2390"},{"taxonomy":"author","embeddable":true,"href":"https:\/\/thewurst.agency\/de\/wp-json\/wp\/v2\/coauthors?post=2390"}],"curies":[{"name":"wp","href":"https:\/\/api.w.org\/{rel}","templated":true}]}}